{"id":1076,"date":"2023-05-19T10:53:02","date_gmt":"2023-05-19T10:53:02","guid":{"rendered":"https:\/\/sanktnikolaikitzen.de\/?p=1076"},"modified":"2023-05-19T11:41:06","modified_gmt":"2023-05-19T11:41:06","slug":"die-orgel-im-kofferraum","status":"publish","type":"post","link":"https:\/\/sanktnikolaikitzen.de\/?p=1076","title":{"rendered":"Die Orgel im Kofferraum"},"content":{"rendered":"\n<figure class=\"wp-block-image size-large\"><img loading=\"lazy\" decoding=\"async\" width=\"1024\" height=\"683\" src=\"https:\/\/sanktnikolaikitzen.de\/wp-content\/uploads\/2023\/05\/SchwarzBecker-FossWeb001-1024x683.jpg\" alt=\"\" class=\"wp-image-1082\" srcset=\"https:\/\/sanktnikolaikitzen.de\/wp-content\/uploads\/2023\/05\/SchwarzBecker-FossWeb001-1024x683.jpg 1024w, https:\/\/sanktnikolaikitzen.de\/wp-content\/uploads\/2023\/05\/SchwarzBecker-FossWeb001-300x200.jpg 300w, https:\/\/sanktnikolaikitzen.de\/wp-content\/uploads\/2023\/05\/SchwarzBecker-FossWeb001-768x512.jpg 768w, https:\/\/sanktnikolaikitzen.de\/wp-content\/uploads\/2023\/05\/SchwarzBecker-FossWeb001-1200x800.jpg 1200w, https:\/\/sanktnikolaikitzen.de\/wp-content\/uploads\/2023\/05\/SchwarzBecker-FossWeb001.jpg 1492w\" sizes=\"auto, (max-width: 709px) 85vw, (max-width: 909px) 67vw, (max-width: 1362px) 62vw, 840px\" \/><figcaption class=\"wp-element-caption\">Hans Christoph Becker-Foss an der Truhenorgel, Gotthold Schwarz (Gesang)<\/figcaption><\/figure>\n\n\n\n<p>Es wird noch eine Weile dauern, ehe die 110 Jahre alte Orgel von der Hand des Z\u00f6rbiger Orgelbaumeisters Wilhelm R\u00fchlmann wieder in der Kirche Sankt Nikolai Kitzen erklingen kann. Einerseits muss die Turmsanierung abgeschlossen sein, andererseits die im Moment ausgelagerte Orgel wieder in Takt gebracht werden. Daf\u00fcr wird derzeit von der Kirchgemeinde Geld gesammelt, unter anderem mit einem sch\u00f6n organisierten Spendenlauf am 18. Mai.&nbsp;<\/p>\n\n\n\n<p>Doch auf Orgelkl\u00e4nge muss deshalb nicht zwangsl\u00e4ufig verzichtet werden, wie ein abendliches Konzert am 13. Mai bewies, das vom Organisten Hans Christoph Becker-Foss und vom S\u00e4nger Gotthold Schwarz bestritten wurde. Beide haben sich vor allem der Musik des Barock verschrieben. Becker-Foss, der in Hameln zu Hause ist, packte sein zweiteiliges Instrument, eine Truhenorgel, in seinen Kombi und brachte sie mit. Nach dem Motto \u201evier Mann, vier Ecken\u201c wurde die Orgel in die Kirche gebracht und aufgestellt. Egal ob als Begleitung f\u00fcr den Gesang von Schwarz oder bei Solost\u00fccken, Becker-Foss erf\u00fcllte nach Jahren wieder einmal die Kirche mit Orgelklang.<\/p>\n\n\n<div class=\"wp-block-image\">\n<figure class=\"alignleft size-large is-resized\"><img loading=\"lazy\" decoding=\"async\" src=\"https:\/\/sanktnikolaikitzen.de\/wp-content\/uploads\/2023\/05\/SchwarzBecker-FossWeb003-1024x683.jpg\" alt=\"\" class=\"wp-image-1084\" width=\"411\" height=\"273\" srcset=\"https:\/\/sanktnikolaikitzen.de\/wp-content\/uploads\/2023\/05\/SchwarzBecker-FossWeb003-1024x683.jpg 1024w, https:\/\/sanktnikolaikitzen.de\/wp-content\/uploads\/2023\/05\/SchwarzBecker-FossWeb003-300x200.jpg 300w, https:\/\/sanktnikolaikitzen.de\/wp-content\/uploads\/2023\/05\/SchwarzBecker-FossWeb003-768x512.jpg 768w, https:\/\/sanktnikolaikitzen.de\/wp-content\/uploads\/2023\/05\/SchwarzBecker-FossWeb003-1200x801.jpg 1200w, https:\/\/sanktnikolaikitzen.de\/wp-content\/uploads\/2023\/05\/SchwarzBecker-FossWeb003.jpg 1466w\" sizes=\"auto, (max-width: 411px) 85vw, 411px\" \/><figcaption class=\"wp-element-caption\">Hans Christoph Becker-Foss<\/figcaption><\/figure>\n<\/div>\n\n\n<p>W\u00e4re es nicht einfacher, anstatt des sch\u00e4tzungsweise 100 Kilogramm schweren und zudem f\u00fcr einen Autotransport recht sperrigen Instruments, ein elektronisches Keyboard zu verwenden? Keinesfalls, meinte der Organist entr\u00fcstet, er wolle einen nat\u00fcrlichen Klang bieten und keinen synthetischen. Und wenn man es recht \u00fcberlegt, kommt man auch als Laie zu dem Schluss, dass der Klang von echten Orgelpfeifen hervorragend zum Bariton von Schwarz passte.<\/p>\n\n\n<div class=\"wp-block-image\">\n<figure class=\"alignleft size-large is-resized\"><img loading=\"lazy\" decoding=\"async\" src=\"https:\/\/sanktnikolaikitzen.de\/wp-content\/uploads\/2023\/05\/SchwarzBecker-FossWeb002-1024x683.jpg\" alt=\"\" class=\"wp-image-1083\" width=\"411\" height=\"274\" srcset=\"https:\/\/sanktnikolaikitzen.de\/wp-content\/uploads\/2023\/05\/SchwarzBecker-FossWeb002-1024x683.jpg 1024w, https:\/\/sanktnikolaikitzen.de\/wp-content\/uploads\/2023\/05\/SchwarzBecker-FossWeb002-300x200.jpg 300w, https:\/\/sanktnikolaikitzen.de\/wp-content\/uploads\/2023\/05\/SchwarzBecker-FossWeb002-768x512.jpg 768w, https:\/\/sanktnikolaikitzen.de\/wp-content\/uploads\/2023\/05\/SchwarzBecker-FossWeb002-1200x801.jpg 1200w, https:\/\/sanktnikolaikitzen.de\/wp-content\/uploads\/2023\/05\/SchwarzBecker-FossWeb002.jpg 1433w\" sizes=\"auto, (max-width: 411px) 85vw, 411px\" \/><figcaption class=\"wp-element-caption\">Gotthold Schwarz<\/figcaption><\/figure>\n<\/div>\n\n\n<p>Schwarz und Becker-Foss hatten ihr Konzert unter das Thema \u201eDona nobis pacem\u201c \u2013 Gib uns Frieden gestellt, und begannen mit Musik von einem der ber\u00fchmtesten Barock-Komponisten, der allj\u00e4hrlich unter anderem gar nicht weit von hier in Wei\u00dfenfels geehrt und gefeiert wird: Heinrich Sch\u00fctz (1585 \u2013 1672). Der in K\u00f6stritz geborene Musiker wirkte unter anderem am Dresdner und am Kopenhagener Hof und verbrachte seine sp\u00e4ten Jahre als bis zuletzt produktiver Komponist in Wei\u00dfenfels. Sein einstiges Wohnhaus dort ist heute ein Museum und Wei\u00dfenfels einer der Veranstaltungsorte des j\u00e4hrlichen Heinrich-Sch\u00fctz-Musikfestes, dessen n\u00e4chste Auflage vom 6. bis 15. Oktober 2023 stattfindet (<a href=\"http:\/\/www.schuetz-musikfest.de\">www.schuetz-musikfest.de<\/a>).<\/p>\n\n\n\n<p>Es folgten barocke Lieder unter anderem von Nicolaus Hasse (1617 \u2013 1672), Johann Hermann Schein (1586 \u2013 1630), Joachim Neander (1650 \u2013 1680), Sebastian de Brossard (1644 \u2013 1730), Georg Philipp Telemann (1681 \u2013 1767). Den Abschluss fand das Konzert mit einer Pasticcio (Zusammenstellung) aus zwei Kantaten von Johann Sebastian Bach (1685 \u2013 1750) aus dem Jahre 1726, wunderbar gesungen von einem seiner Nachfolger in der Funktion des Leipziger Thomaskantors, eben Gotthold Schwarz.<\/p>\n\n\n\n<p><\/p>\n","protected":false},"excerpt":{"rendered":"<p>Es wird noch eine Weile dauern, ehe die 110 Jahre alte Orgel von der Hand des Z\u00f6rbiger Orgelbaumeisters Wilhelm R\u00fchlmann wieder in der Kirche Sankt Nikolai Kitzen erklingen kann. Einerseits muss die Turmsanierung abgeschlossen sein, andererseits die im Moment ausgelagerte Orgel wieder in Takt gebracht werden. Daf\u00fcr wird derzeit von der Kirchgemeinde Geld gesammelt, unter &hellip; <a href=\"https:\/\/sanktnikolaikitzen.de\/?p=1076\" class=\"more-link\"><span class=\"screen-reader-text\">\u201eDie Orgel im Kofferraum\u201c <\/span>weiterlesen<\/a><\/p>\n","protected":false},"author":1,"featured_media":0,"comment_status":"closed","ping_status":"closed","sticky":false,"template":"","format":"standard","meta":{"footnotes":""},"categories":[3,4],"tags":[],"class_list":["post-1076","post","type-post","status-publish","format-standard","hentry","category-aktuelles","category-veranstaltungsrueckblick"],"_links":{"self":[{"href":"https:\/\/sanktnikolaikitzen.de\/index.php?rest_route=\/wp\/v2\/posts\/1076","targetHints":{"allow":["GET"]}}],"collection":[{"href":"https:\/\/sanktnikolaikitzen.de\/index.php?rest_route=\/wp\/v2\/posts"}],"about":[{"href":"https:\/\/sanktnikolaikitzen.de\/index.php?rest_route=\/wp\/v2\/types\/post"}],"author":[{"embeddable":true,"href":"https:\/\/sanktnikolaikitzen.de\/index.php?rest_route=\/wp\/v2\/users\/1"}],"replies":[{"embeddable":true,"href":"https:\/\/sanktnikolaikitzen.de\/index.php?rest_route=%2Fwp%2Fv2%2Fcomments&post=1076"}],"version-history":[{"count":5,"href":"https:\/\/sanktnikolaikitzen.de\/index.php?rest_route=\/wp\/v2\/posts\/1076\/revisions"}],"predecessor-version":[{"id":1085,"href":"https:\/\/sanktnikolaikitzen.de\/index.php?rest_route=\/wp\/v2\/posts\/1076\/revisions\/1085"}],"wp:attachment":[{"href":"https:\/\/sanktnikolaikitzen.de\/index.php?rest_route=%2Fwp%2Fv2%2Fmedia&parent=1076"}],"wp:term":[{"taxonomy":"category","embeddable":true,"href":"https:\/\/sanktnikolaikitzen.de\/index.php?rest_route=%2Fwp%2Fv2%2Fcategories&post=1076"},{"taxonomy":"post_tag","embeddable":true,"href":"https:\/\/sanktnikolaikitzen.de\/index.php?rest_route=%2Fwp%2Fv2%2Ftags&post=1076"}],"curies":[{"name":"wp","href":"https:\/\/api.w.org\/{rel}","templated":true}]}}