{"id":1213,"date":"2023-12-05T11:54:36","date_gmt":"2023-12-05T11:54:36","guid":{"rendered":"https:\/\/sanktnikolaikitzen.de\/?p=1213"},"modified":"2023-12-05T11:54:36","modified_gmt":"2023-12-05T11:54:36","slug":"adventsstimmung-beim-konzert","status":"publish","type":"post","link":"https:\/\/sanktnikolaikitzen.de\/?p=1213","title":{"rendered":"Adventsstimmung beim Konzert"},"content":{"rendered":"\n<figure class=\"wp-block-image size-large\"><img loading=\"lazy\" decoding=\"async\" width=\"1024\" height=\"682\" src=\"https:\/\/sanktnikolaikitzen.de\/wp-content\/uploads\/2023\/12\/webKonzertChorAdvent001-1024x682.jpg\" alt=\"\" class=\"wp-image-1215\" srcset=\"https:\/\/sanktnikolaikitzen.de\/wp-content\/uploads\/2023\/12\/webKonzertChorAdvent001-1024x682.jpg 1024w, https:\/\/sanktnikolaikitzen.de\/wp-content\/uploads\/2023\/12\/webKonzertChorAdvent001-300x200.jpg 300w, https:\/\/sanktnikolaikitzen.de\/wp-content\/uploads\/2023\/12\/webKonzertChorAdvent001-768x512.jpg 768w, https:\/\/sanktnikolaikitzen.de\/wp-content\/uploads\/2023\/12\/webKonzertChorAdvent001-1536x1023.jpg 1536w, https:\/\/sanktnikolaikitzen.de\/wp-content\/uploads\/2023\/12\/webKonzertChorAdvent001-1200x800.jpg 1200w, https:\/\/sanktnikolaikitzen.de\/wp-content\/uploads\/2023\/12\/webKonzertChorAdvent001.jpg 1711w\" sizes=\"auto, (max-width: 709px) 85vw, (max-width: 909px) 67vw, (max-width: 1362px) 62vw, 840px\" \/><\/figure>\n\n\n\n<p>Advent, Advent, ein Lichtlein brennt. Traditionell endete mit dem Adventskonzert das Kulturjahr des F\u00f6rdervereins der Kreuzkirche Sankt Nikolai Kitzen. Erstmals zu einem Auftritt kam am 1. Advent der Gemischte Chor Neukieritzsch nach Kitzen und fand nicht nur ein volles Haus in der Kirche, sondern auch ein dankbares Publikum, das nicht mit Applaus geizte.<\/p>\n\n\n<div class=\"wp-block-image\">\n<figure class=\"alignleft size-large is-resized\"><img loading=\"lazy\" decoding=\"async\" width=\"1024\" height=\"683\" src=\"https:\/\/sanktnikolaikitzen.de\/wp-content\/uploads\/2023\/12\/webKonzertChorAdvent004-1024x683.jpg\" alt=\"\" class=\"wp-image-1214\" style=\"aspect-ratio:1.499267935578331;width:626px;height:auto\" srcset=\"https:\/\/sanktnikolaikitzen.de\/wp-content\/uploads\/2023\/12\/webKonzertChorAdvent004-1024x683.jpg 1024w, https:\/\/sanktnikolaikitzen.de\/wp-content\/uploads\/2023\/12\/webKonzertChorAdvent004-300x200.jpg 300w, https:\/\/sanktnikolaikitzen.de\/wp-content\/uploads\/2023\/12\/webKonzertChorAdvent004-768x512.jpg 768w, https:\/\/sanktnikolaikitzen.de\/wp-content\/uploads\/2023\/12\/webKonzertChorAdvent004-1200x800.jpg 1200w, https:\/\/sanktnikolaikitzen.de\/wp-content\/uploads\/2023\/12\/webKonzertChorAdvent004.jpg 1293w\" sizes=\"auto, (max-width: 709px) 85vw, (max-width: 909px) 67vw, (max-width: 1362px) 62vw, 840px\" \/><\/figure>\n<\/div>\n\n\n<p>Die mehr als 30 S\u00e4ngerinnen und S\u00e4nger des Chors unter der Leitung von Viktor Vetter kamen mit einem umfangreichen Repertoire an weihnachtlichen Weisen. Mit Liedern wie \u201eSind die Lichter angez\u00fcndet\u201c, \u201eStille Nacht\u201c oder \u201eLeise rieselt der Schnee\u201c lud der Chor zum Mitsingen ein. Dazu kamen Lieder, die bereits seit Jahrhunderten in der Adventszeit in den Kirchen gesungen werden wie \u201eVom Himmel hoch\u201c, \u201eMaria durch den Dornwald ging\u201c oder \u201eIn dulci jubilo\u201c. &nbsp;Englische, tschechische, spanische und schwedische Weihnachtsmelodien waren zu h\u00f6ren. Rundum waren es mehr als 30 Lieder, die an dem sp\u00e4ten Nachmittag in der Kirche Kitzen erklangen.<\/p>\n\n\n<div class=\"wp-block-image\">\n<figure class=\"alignleft size-large is-resized\"><img loading=\"lazy\" decoding=\"async\" width=\"1024\" height=\"682\" src=\"https:\/\/sanktnikolaikitzen.de\/wp-content\/uploads\/2023\/12\/webKonzertChorAdvent002-1024x682.jpg\" alt=\"\" class=\"wp-image-1216\" style=\"aspect-ratio:1.501466275659824;width:619px;height:auto\" srcset=\"https:\/\/sanktnikolaikitzen.de\/wp-content\/uploads\/2023\/12\/webKonzertChorAdvent002-1024x682.jpg 1024w, https:\/\/sanktnikolaikitzen.de\/wp-content\/uploads\/2023\/12\/webKonzertChorAdvent002-300x200.jpg 300w, https:\/\/sanktnikolaikitzen.de\/wp-content\/uploads\/2023\/12\/webKonzertChorAdvent002-768x512.jpg 768w, https:\/\/sanktnikolaikitzen.de\/wp-content\/uploads\/2023\/12\/webKonzertChorAdvent002-1200x799.jpg 1200w, https:\/\/sanktnikolaikitzen.de\/wp-content\/uploads\/2023\/12\/webKonzertChorAdvent002.jpg 1525w\" sizes=\"auto, (max-width: 709px) 85vw, (max-width: 909px) 67vw, (max-width: 1362px) 62vw, 840px\" \/><\/figure>\n<\/div>\n\n\n<p>Mit einer netten Geste sorgte die Vorsitzende des F\u00f6rdervereins Ingrid Riedel am Schluss des Konzerts f\u00fcr eine \u00dcberraschung. Jedes Chormitglied bekam ein Beutelchen mit Weihnachtspl\u00e4tzchen, die die Landfrauen der Kitzener Gruppe gebacken hatten. Die waren zum Mitnehmen auch am wieder reichlich aufgefahrenen und von flei\u00dfigen B\u00e4ckerinnen aus dem Ort best\u00fcckten nachmitt\u00e4glichen Kuchenbuffet zu haben und fanden beim Publikum rei\u00dfenden Absatz. Der Erl\u00f6s aus der Aktion dient der Sanierung der Kirche.<\/p>\n\n\n\n<figure class=\"wp-block-image size-large\"><img loading=\"lazy\" decoding=\"async\" width=\"1024\" height=\"683\" src=\"https:\/\/sanktnikolaikitzen.de\/wp-content\/uploads\/2023\/12\/webKonzertChorAdvent003-1024x683.jpg\" alt=\"\" class=\"wp-image-1217\" srcset=\"https:\/\/sanktnikolaikitzen.de\/wp-content\/uploads\/2023\/12\/webKonzertChorAdvent003-1024x683.jpg 1024w, https:\/\/sanktnikolaikitzen.de\/wp-content\/uploads\/2023\/12\/webKonzertChorAdvent003-300x200.jpg 300w, https:\/\/sanktnikolaikitzen.de\/wp-content\/uploads\/2023\/12\/webKonzertChorAdvent003-768x513.jpg 768w, https:\/\/sanktnikolaikitzen.de\/wp-content\/uploads\/2023\/12\/webKonzertChorAdvent003-1200x801.jpg 1200w, https:\/\/sanktnikolaikitzen.de\/wp-content\/uploads\/2023\/12\/webKonzertChorAdvent003.jpg 1308w\" sizes=\"auto, (max-width: 709px) 85vw, (max-width: 909px) 67vw, (max-width: 1362px) 62vw, 840px\" \/><\/figure>\n","protected":false},"excerpt":{"rendered":"<p>Advent, Advent, ein Lichtlein brennt. Traditionell endete mit dem Adventskonzert das Kulturjahr des F\u00f6rdervereins der Kreuzkirche Sankt Nikolai Kitzen. Erstmals zu einem Auftritt kam am 1. Advent der Gemischte Chor Neukieritzsch nach Kitzen und fand nicht nur ein volles Haus in der Kirche, sondern auch ein dankbares Publikum, das nicht mit Applaus geizte. Die mehr &hellip; <a href=\"https:\/\/sanktnikolaikitzen.de\/?p=1213\" class=\"more-link\"><span class=\"screen-reader-text\">\u201eAdventsstimmung beim Konzert\u201c <\/span>weiterlesen<\/a><\/p>\n","protected":false},"author":1,"featured_media":0,"comment_status":"closed","ping_status":"closed","sticky":false,"template":"","format":"standard","meta":{"footnotes":""},"categories":[3,4],"tags":[],"class_list":["post-1213","post","type-post","status-publish","format-standard","hentry","category-aktuelles","category-veranstaltungsrueckblick"],"_links":{"self":[{"href":"https:\/\/sanktnikolaikitzen.de\/index.php?rest_route=\/wp\/v2\/posts\/1213","targetHints":{"allow":["GET"]}}],"collection":[{"href":"https:\/\/sanktnikolaikitzen.de\/index.php?rest_route=\/wp\/v2\/posts"}],"about":[{"href":"https:\/\/sanktnikolaikitzen.de\/index.php?rest_route=\/wp\/v2\/types\/post"}],"author":[{"embeddable":true,"href":"https:\/\/sanktnikolaikitzen.de\/index.php?rest_route=\/wp\/v2\/users\/1"}],"replies":[{"embeddable":true,"href":"https:\/\/sanktnikolaikitzen.de\/index.php?rest_route=%2Fwp%2Fv2%2Fcomments&post=1213"}],"version-history":[{"count":4,"href":"https:\/\/sanktnikolaikitzen.de\/index.php?rest_route=\/wp\/v2\/posts\/1213\/revisions"}],"predecessor-version":[{"id":1221,"href":"https:\/\/sanktnikolaikitzen.de\/index.php?rest_route=\/wp\/v2\/posts\/1213\/revisions\/1221"}],"wp:attachment":[{"href":"https:\/\/sanktnikolaikitzen.de\/index.php?rest_route=%2Fwp%2Fv2%2Fmedia&parent=1213"}],"wp:term":[{"taxonomy":"category","embeddable":true,"href":"https:\/\/sanktnikolaikitzen.de\/index.php?rest_route=%2Fwp%2Fv2%2Fcategories&post=1213"},{"taxonomy":"post_tag","embeddable":true,"href":"https:\/\/sanktnikolaikitzen.de\/index.php?rest_route=%2Fwp%2Fv2%2Ftags&post=1213"}],"curies":[{"name":"wp","href":"https:\/\/api.w.org\/{rel}","templated":true}]}}