{"id":1293,"date":"2024-03-25T14:54:45","date_gmt":"2024-03-25T14:54:45","guid":{"rendered":"https:\/\/sanktnikolaikitzen.de\/?p=1293"},"modified":"2024-03-25T14:54:45","modified_gmt":"2024-03-25T14:54:45","slug":"wir-brauchen-den-graben","status":"publish","type":"post","link":"https:\/\/sanktnikolaikitzen.de\/?p=1293","title":{"rendered":"Wir brauchen den Graben"},"content":{"rendered":"\n<figure class=\"wp-block-image size-full\"><img loading=\"lazy\" decoding=\"async\" width=\"1008\" height=\"672\" src=\"https:\/\/sanktnikolaikitzen.de\/wp-content\/uploads\/2024\/03\/WebFloesser002.jpg\" alt=\"\" class=\"wp-image-1297\" srcset=\"https:\/\/sanktnikolaikitzen.de\/wp-content\/uploads\/2024\/03\/WebFloesser002.jpg 1008w, https:\/\/sanktnikolaikitzen.de\/wp-content\/uploads\/2024\/03\/WebFloesser002-300x200.jpg 300w, https:\/\/sanktnikolaikitzen.de\/wp-content\/uploads\/2024\/03\/WebFloesser002-768x512.jpg 768w\" sizes=\"auto, (max-width: 709px) 85vw, (max-width: 909px) 67vw, (max-width: 1362px) 62vw, 840px\" \/><figcaption class=\"wp-element-caption\">Der Saal im Kulturhaus war rappelvoll beim Vortrag \u00fcber den Elsterflo\u00dfgraben.<\/figcaption><\/figure>\n\n\n\n<p class=\"has-dark-gray-color has-text-color has-link-color wp-elements-b1be92b41a127a9272457e0b26581bbd\">Was geschieht mit dem Flo\u00dfgraben, wenn im Tagebau Profen ab 2030 keine Kohle mehr gef\u00f6rdert und die Mitteldeutsche Braunkohlengesellschaft (Mibrag) dann auch kein beim Bergbau anfallendes Grundwasser bei Elstertrebnitz in den Flo\u00dfgraben pumpen wird? Ob es im Vorfeld nun ausgerechnet diese Fragestellung war, die  zu einem enormen Besucherandrang beim Vortrag des Vorsitzenden des Elsterflo\u00dfgraben-Vereins Frank Thiel gesorgt hat? Aber im Verlauf der Veranstaltung im Kitzener Kulturhaus zeigte sich am 24. M\u00e4rz, dass es genau die Frage ist, um die es geht. Wer den Graben erhalten will, muss die Frage nach dem Wasser stellen. Und die ist bislang f\u00fcr die Zeit ab 2030 unbeantwortet.<\/p>\n\n\n\n<figure class=\"wp-block-image size-large\"><img loading=\"lazy\" decoding=\"async\" width=\"1024\" height=\"683\" src=\"https:\/\/sanktnikolaikitzen.de\/wp-content\/uploads\/2024\/03\/WebFloesser001-1-1024x683.jpg\" alt=\"\" class=\"wp-image-1310\" srcset=\"https:\/\/sanktnikolaikitzen.de\/wp-content\/uploads\/2024\/03\/WebFloesser001-1-1024x683.jpg 1024w, https:\/\/sanktnikolaikitzen.de\/wp-content\/uploads\/2024\/03\/WebFloesser001-1-300x200.jpg 300w, https:\/\/sanktnikolaikitzen.de\/wp-content\/uploads\/2024\/03\/WebFloesser001-1-768x512.jpg 768w, https:\/\/sanktnikolaikitzen.de\/wp-content\/uploads\/2024\/03\/WebFloesser001-1.jpg 1146w\" sizes=\"auto, (max-width: 709px) 85vw, (max-width: 909px) 67vw, (max-width: 1362px) 62vw, 840px\" \/><figcaption class=\"wp-element-caption\">Engagierter Streiter f\u00fcr den Erhalt des Flo\u00dfgrabens: Vereinsvorsitzender Dr. Frank Thiel in der Kluft der Fl\u00f6\u00dfer und mit Fl\u00f6\u00dferhaken.<\/figcaption><\/figure>\n\n\n\n<p>Frank Thiel f\u00fchrte die rund 120 Besucher, f\u00fcr die extra noch St\u00fchle aus den R\u00e4umen im Erdgeschoss  nach oben in den Saal geholt werden mussten, im Laufe seines Vortrages  in die Entstehungszeit des Flo\u00dfgrabensystems im ausgehenden 16. Jahrhundert zur\u00fcck. Gleichzeitig zeigte er auf, welchen Wert der Graben heute noch hat, auch wenn  die Holzfl\u00f6\u00dferei seit mehr als 150 Jahren Geschichte ist. <\/p>\n\n\n\n<p class=\"has-dark-gray-color has-text-color has-link-color wp-elements-938509da51420dcf1baaf612e5219e0b\">Ab 1578 wurden die 55 Kilometer des an der Wasseroberfl\u00e4che drei Meter breiten Flo\u00dfgrabens von Poserna bei Wei\u00dfenfels beginnend, sozusagen bergauf, bis nach P\u00f6tewitz (Gemeinde Wetterzeube) an der Wei\u00dfen Elster s\u00fcdwestlich von Zeitz inklusive Planung gebaut. Bis zu 400 Experten und 1500 Fronarbeiter waren laut Thiel daran beteiligt.  \u00dcber diesen Graben mit Abzweigen bis nach Halle und Leipzig konnten die aus dem Vogtland via Wei\u00dfe Elster ankommenden Holzscheite weiterbef\u00f6rdert werden. Eine ingenieurtechnische Leistung von beachtenswerter G\u00fcte. Was \u00fcbrigens schon im 19. Jahrhundert erkannt wurde. Man solle den Flo\u00dfgraben mehr achten, habe der Zeitzer Chronist Ernst Zergiebel  gefordert, wie Thiel sagte. <\/p>\n\n\n\n<p class=\"has-dark-gray-color has-text-color has-link-color wp-elements-62e32b2a2697d5bcd036b50fc0947bea\">Der seit 15 Jahren bestehende Elsterflo\u00dfgraben-Verein hat sich sozusagen den damaligen Aufruf anl\u00e4sslich des 300. Jubil\u00e4ums des Grabenbaus zu eigen gemacht. Ziele w\u00e4re es, anl\u00e4sslich des 450. Jahrestages 2028\/2030 sagen zu k\u00f6nnen, dass der Flo\u00dfgraben gleich in drei Funktionen Zukunft hat: als Technisches Denkmal, als Naturschutzpfad und als Erholungsweg. Was es dazu braucht, ist die Bem\u00fchung, dass drei Bundesl\u00e4nder, vier Landkreise und neun Kommunen nicht nur ein Beknntnis zum Graben abgeben, sondern das Erhaltungsprojekt aktiv unterst\u00fctzen. Die Mibrag habe sich dazu bekannt, den Weg des Flo\u00dfgrabens auf den von ihr beanspruchten Fl\u00e4chen nach dem Ende der Kohlef\u00f6rderung wiederherzustellen, sagte Thiel. Auf anderen ehemaligen Bergbaufl\u00e4chen, wo heute die LMBV zust\u00e4ndig ist, habe man dieses Bekenntnis bislang nicht bekommen. <\/p>\n\n\n\n<p class=\"has-dark-gray-color has-text-color has-link-color wp-elements-c97d66b95892890b724a7e0ac5297bdb\">Verliert der Graben sein Wasser, h\u00e4tte das Auswirkungen auf den Bestand des Kitzener Feuerl\u00f6schteichs, um mal ein lokales Beispiel zu nennen. Und was aus der Geh\u00f6lzreihe entlang des Wasserlaufs etwa zwischen Werben und Kitzen wird, w\u00e4re dann  auch ungewiss. Immerhin ist man sich dessen lokal durchaus bewusst. Thiel verwies darauf, dass Pegaus B\u00fcrgermeister Frank R\u00f6sel dem Verein Unterst\u00fctzung zugesichert hat. Auch anderenorts gebe es Zusagen. Thiel ist und bleibt optimistisch, dass die Wasserfrage auch nach 2030 gel\u00f6st werden kann.<\/p>\n\n\n\n<p><\/p>\n\n\n\n<p><\/p>\n","protected":false},"excerpt":{"rendered":"<p>Was geschieht mit dem Flo\u00dfgraben, wenn im Tagebau Profen ab 2030 keine Kohle mehr gef\u00f6rdert und die Mitteldeutsche Braunkohlengesellschaft (Mibrag) dann auch kein beim Bergbau anfallendes Grundwasser bei Elstertrebnitz in den Flo\u00dfgraben pumpen wird? Ob es im Vorfeld nun ausgerechnet diese Fragestellung war, die zu einem enormen Besucherandrang beim Vortrag des Vorsitzenden des Elsterflo\u00dfgraben-Vereins Frank &hellip; <a href=\"https:\/\/sanktnikolaikitzen.de\/?p=1293\" class=\"more-link\"><span class=\"screen-reader-text\">\u201eWir brauchen den Graben\u201c <\/span>weiterlesen<\/a><\/p>\n","protected":false},"author":1,"featured_media":0,"comment_status":"closed","ping_status":"closed","sticky":false,"template":"","format":"standard","meta":{"footnotes":""},"categories":[3,4],"tags":[],"class_list":["post-1293","post","type-post","status-publish","format-standard","hentry","category-aktuelles","category-veranstaltungsrueckblick"],"_links":{"self":[{"href":"https:\/\/sanktnikolaikitzen.de\/index.php?rest_route=\/wp\/v2\/posts\/1293","targetHints":{"allow":["GET"]}}],"collection":[{"href":"https:\/\/sanktnikolaikitzen.de\/index.php?rest_route=\/wp\/v2\/posts"}],"about":[{"href":"https:\/\/sanktnikolaikitzen.de\/index.php?rest_route=\/wp\/v2\/types\/post"}],"author":[{"embeddable":true,"href":"https:\/\/sanktnikolaikitzen.de\/index.php?rest_route=\/wp\/v2\/users\/1"}],"replies":[{"embeddable":true,"href":"https:\/\/sanktnikolaikitzen.de\/index.php?rest_route=%2Fwp%2Fv2%2Fcomments&post=1293"}],"version-history":[{"count":16,"href":"https:\/\/sanktnikolaikitzen.de\/index.php?rest_route=\/wp\/v2\/posts\/1293\/revisions"}],"predecessor-version":[{"id":1312,"href":"https:\/\/sanktnikolaikitzen.de\/index.php?rest_route=\/wp\/v2\/posts\/1293\/revisions\/1312"}],"wp:attachment":[{"href":"https:\/\/sanktnikolaikitzen.de\/index.php?rest_route=%2Fwp%2Fv2%2Fmedia&parent=1293"}],"wp:term":[{"taxonomy":"category","embeddable":true,"href":"https:\/\/sanktnikolaikitzen.de\/index.php?rest_route=%2Fwp%2Fv2%2Fcategories&post=1293"},{"taxonomy":"post_tag","embeddable":true,"href":"https:\/\/sanktnikolaikitzen.de\/index.php?rest_route=%2Fwp%2Fv2%2Ftags&post=1293"}],"curies":[{"name":"wp","href":"https:\/\/api.w.org\/{rel}","templated":true}]}}