{"id":190,"date":"2017-09-17T09:17:57","date_gmt":"2017-09-17T09:17:57","guid":{"rendered":"http:\/\/sanktnikolaikitzen.de\/?p=190"},"modified":"2017-09-17T09:28:56","modified_gmt":"2017-09-17T09:28:56","slug":"ein-wurderbarer-tag","status":"publish","type":"post","link":"https:\/\/sanktnikolaikitzen.de\/?p=190","title":{"rendered":"Ein wunderbarer Tag"},"content":{"rendered":"<p>Der Tag des offenen Denkmals am 10. September 2017, an dem der F\u00f6rderverein nun schon traditionell beteiligt ist, gestaltete sich f\u00fcr den F\u00f6rderverein als eine wunderbare Veranstaltung. F\u00fchrungen in der Kirche, das Konzert mit dem Hardtchor aus Zwenkau und das gesellige Beisammensein im Pfarrhof verfehlt nicht ihre Anziehungskraft. Zeitweise vereinte der Tag gleichzeitig mehr als 100 Menschen an der Kirche. Herausragend auch der \u00f6kumenische Gottesdienst, der zum Auftakt des Tages gefeiert wurde.\u00a0 Begangen wurde an dem Tag auch das zehnj\u00e4hrige Bestehen des Vereins sowie das Jubil\u00e4um 920 Jahre Kirche Kitzen. Au\u00dferdem beging Siegwald Bielesch, einer der Initiatoren des F\u00f6rdervereins, seinen 80. Geburtstag.<\/p>\n<p>Einige Impresionen des Tages:<\/p>\n<figure id=\"attachment_191\" aria-describedby=\"caption-attachment-191\" style=\"width: 533px\" class=\"wp-caption alignleft\"><img loading=\"lazy\" decoding=\"async\" class=\"wp-image-191\" src=\"http:\/\/sanktnikolaikitzen.de\/wp-content\/uploads\/2017\/09\/IMG_0072-2-300x200.jpg\" alt=\"\" width=\"533\" height=\"355\" srcset=\"https:\/\/sanktnikolaikitzen.de\/wp-content\/uploads\/2017\/09\/IMG_0072-2-300x200.jpg 300w, https:\/\/sanktnikolaikitzen.de\/wp-content\/uploads\/2017\/09\/IMG_0072-2-768x512.jpg 768w, https:\/\/sanktnikolaikitzen.de\/wp-content\/uploads\/2017\/09\/IMG_0072-2-1024x683.jpg 1024w, https:\/\/sanktnikolaikitzen.de\/wp-content\/uploads\/2017\/09\/IMG_0072-2-1200x800.jpg 1200w\" sizes=\"auto, (max-width: 533px) 85vw, 533px\" \/><figcaption id=\"caption-attachment-191\" class=\"wp-caption-text\">Der Auftritt des Hardtchores in der Kirche zum Tag des offenen Denkmals. (Foto: Karola Modl)<\/figcaption><\/figure>\n<figure id=\"attachment_193\" aria-describedby=\"caption-attachment-193\" style=\"width: 530px\" class=\"wp-caption alignleft\"><img loading=\"lazy\" decoding=\"async\" class=\"wp-image-193\" src=\"http:\/\/sanktnikolaikitzen.de\/wp-content\/uploads\/2017\/09\/Janos002-300x200.jpg\" alt=\"\" width=\"530\" height=\"353\" srcset=\"https:\/\/sanktnikolaikitzen.de\/wp-content\/uploads\/2017\/09\/Janos002-300x200.jpg 300w, https:\/\/sanktnikolaikitzen.de\/wp-content\/uploads\/2017\/09\/Janos002-768x512.jpg 768w, https:\/\/sanktnikolaikitzen.de\/wp-content\/uploads\/2017\/09\/Janos002-1024x683.jpg 1024w, https:\/\/sanktnikolaikitzen.de\/wp-content\/uploads\/2017\/09\/Janos002-1200x800.jpg 1200w\" sizes=\"auto, (max-width: 530px) 85vw, 530px\" \/><figcaption id=\"caption-attachment-193\" class=\"wp-caption-text\">Die Besucher f\u00fchlten sich wohl auf dem Pfarrhof.<\/figcaption><\/figure>\n<figure style=\"width: 533px\" class=\"wp-caption alignleft\"><img loading=\"lazy\" decoding=\"async\" class=\"wp-image-192\" src=\"http:\/\/sanktnikolaikitzen.de\/wp-content\/uploads\/2017\/09\/Janos001-300x200.jpg\" alt=\"\" width=\"533\" height=\"355\" srcset=\"https:\/\/sanktnikolaikitzen.de\/wp-content\/uploads\/2017\/09\/Janos001-300x200.jpg 300w, https:\/\/sanktnikolaikitzen.de\/wp-content\/uploads\/2017\/09\/Janos001-768x512.jpg 768w, https:\/\/sanktnikolaikitzen.de\/wp-content\/uploads\/2017\/09\/Janos001-1024x683.jpg 1024w, https:\/\/sanktnikolaikitzen.de\/wp-content\/uploads\/2017\/09\/Janos001-1200x800.jpg 1200w\" sizes=\"auto, (max-width: 533px) 85vw, 533px\" \/><figcaption class=\"wp-caption-text\">Zeit f\u00fcr gute Gespr\u00e4che.<\/figcaption><\/figure>\n<p>&nbsp;<\/p>\n<figure style=\"width: 530px\" class=\"wp-caption alignleft\"><img loading=\"lazy\" decoding=\"async\" class=\"wp-image-195\" src=\"http:\/\/sanktnikolaikitzen.de\/wp-content\/uploads\/2017\/09\/Janos022-300x200.jpg\" alt=\"\" width=\"530\" height=\"353\" srcset=\"https:\/\/sanktnikolaikitzen.de\/wp-content\/uploads\/2017\/09\/Janos022-300x200.jpg 300w, https:\/\/sanktnikolaikitzen.de\/wp-content\/uploads\/2017\/09\/Janos022-768x512.jpg 768w, https:\/\/sanktnikolaikitzen.de\/wp-content\/uploads\/2017\/09\/Janos022-1024x683.jpg 1024w, https:\/\/sanktnikolaikitzen.de\/wp-content\/uploads\/2017\/09\/Janos022-1200x800.jpg 1200w\" sizes=\"auto, (max-width: 530px) 85vw, 530px\" \/><figcaption class=\"wp-caption-text\">Ein besonderes St\u00e4ndchen brachten die T\u00e4nzerinnen f\u00fcr Siegwald Bielesch.<\/figcaption><\/figure>\n<p>&nbsp;<\/p>\n<figure id=\"attachment_198\" aria-describedby=\"caption-attachment-198\" style=\"width: 530px\" class=\"wp-caption alignleft\"><img loading=\"lazy\" decoding=\"async\" class=\"wp-image-198\" src=\"http:\/\/sanktnikolaikitzen.de\/wp-content\/uploads\/2017\/09\/Janos057-300x200.jpg\" alt=\"\" width=\"530\" height=\"353\" srcset=\"https:\/\/sanktnikolaikitzen.de\/wp-content\/uploads\/2017\/09\/Janos057-300x200.jpg 300w, https:\/\/sanktnikolaikitzen.de\/wp-content\/uploads\/2017\/09\/Janos057-768x512.jpg 768w, https:\/\/sanktnikolaikitzen.de\/wp-content\/uploads\/2017\/09\/Janos057-1024x683.jpg 1024w, https:\/\/sanktnikolaikitzen.de\/wp-content\/uploads\/2017\/09\/Janos057-1200x800.jpg 1200w\" sizes=\"auto, (max-width: 530px) 85vw, 530px\" \/><figcaption id=\"caption-attachment-198\" class=\"wp-caption-text\">Mit dem Sonnenuntergang war der Tag noch lange nicht zu Ende.<\/figcaption><\/figure>\n","protected":false},"excerpt":{"rendered":"<p>Der Tag des offenen Denkmals am 10. September 2017, an dem der F\u00f6rderverein nun schon traditionell beteiligt ist, gestaltete sich f\u00fcr den F\u00f6rderverein als eine wunderbare Veranstaltung. F\u00fchrungen in der Kirche, das Konzert mit dem Hardtchor aus Zwenkau und das gesellige Beisammensein im Pfarrhof verfehlt nicht ihre Anziehungskraft. Zeitweise vereinte der Tag gleichzeitig mehr als &hellip; <a href=\"https:\/\/sanktnikolaikitzen.de\/?p=190\" class=\"more-link\"><span class=\"screen-reader-text\">\u201eEin wunderbarer Tag\u201c <\/span>weiterlesen<\/a><\/p>\n","protected":false},"author":1,"featured_media":0,"comment_status":"open","ping_status":"open","sticky":false,"template":"","format":"standard","meta":{"footnotes":""},"categories":[1],"tags":[],"class_list":["post-190","post","type-post","status-publish","format-standard","hentry","category-sonstiges"],"_links":{"self":[{"href":"https:\/\/sanktnikolaikitzen.de\/index.php?rest_route=\/wp\/v2\/posts\/190","targetHints":{"allow":["GET"]}}],"collection":[{"href":"https:\/\/sanktnikolaikitzen.de\/index.php?rest_route=\/wp\/v2\/posts"}],"about":[{"href":"https:\/\/sanktnikolaikitzen.de\/index.php?rest_route=\/wp\/v2\/types\/post"}],"author":[{"embeddable":true,"href":"https:\/\/sanktnikolaikitzen.de\/index.php?rest_route=\/wp\/v2\/users\/1"}],"replies":[{"embeddable":true,"href":"https:\/\/sanktnikolaikitzen.de\/index.php?rest_route=%2Fwp%2Fv2%2Fcomments&post=190"}],"version-history":[{"count":4,"href":"https:\/\/sanktnikolaikitzen.de\/index.php?rest_route=\/wp\/v2\/posts\/190\/revisions"}],"predecessor-version":[{"id":203,"href":"https:\/\/sanktnikolaikitzen.de\/index.php?rest_route=\/wp\/v2\/posts\/190\/revisions\/203"}],"wp:attachment":[{"href":"https:\/\/sanktnikolaikitzen.de\/index.php?rest_route=%2Fwp%2Fv2%2Fmedia&parent=190"}],"wp:term":[{"taxonomy":"category","embeddable":true,"href":"https:\/\/sanktnikolaikitzen.de\/index.php?rest_route=%2Fwp%2Fv2%2Fcategories&post=190"},{"taxonomy":"post_tag","embeddable":true,"href":"https:\/\/sanktnikolaikitzen.de\/index.php?rest_route=%2Fwp%2Fv2%2Ftags&post=190"}],"curies":[{"name":"wp","href":"https:\/\/api.w.org\/{rel}","templated":true}]}}