{"id":439,"date":"2019-11-03T15:53:57","date_gmt":"2019-11-03T15:53:57","guid":{"rendered":"https:\/\/sanktnikolaikitzen.de\/?p=439"},"modified":"2019-11-03T17:50:30","modified_gmt":"2019-11-03T17:50:30","slug":"zehn-jahre-sanierung-in-der-kirche","status":"publish","type":"post","link":"https:\/\/sanktnikolaikitzen.de\/?p=439","title":{"rendered":"Zehn Jahre Sanierung in der Kirche"},"content":{"rendered":"\n<p>Man mag es gar nicht glauben, aber die Zeit ist wie im Flug\nvergangen. Die Sanierung der Kirche Sankt Nikolai Kitzen geht ins zehnte Jahr.\nWenn 2020 der Tag des offenen Denkmals am 13. September nat\u00fcrlich mit einer offenen\nKirche stattfindet, wird das Thema \u201e10 Jahre Sanierung Kirche Kitzen\u201c eine\nbedeutende Rolle spielen. Der F\u00f6rderverein wird Bilanz dar\u00fcber ziehen, was seit\ndem Jahr 2010, in dem er die herrenlose Kirche erwarb, geschehen ist. Dann wird\nzu h\u00f6ren sein, das bislang in die Erneuerung des Geb\u00e4udes die gigantische Summe\nvon 1,2 Millionen Euro geflossen ist. F\u00f6rdervereinsvorsitzende Ingrid Riedel umrei\u00dft\ndas mit der eher unspektakul\u00e4ren Aussage: \u201eWir kommen so langsam dem Ende der\nSanierung der Kirche entgegen.\u201c <\/p>\n\n\n\n<div class=\"wp-block-image\"><figure class=\"alignleft is-resized\"><img loading=\"lazy\" decoding=\"async\" src=\"https:\/\/sanktnikolaikitzen.de\/wp-content\/uploads\/2019\/11\/Maler1002_Bildgr\u00f6\u00dfe-\u00e4ndern-682x1024.jpg\" alt=\"\" class=\"wp-image-440\" width=\"450\" height=\"675\" srcset=\"https:\/\/sanktnikolaikitzen.de\/wp-content\/uploads\/2019\/11\/Maler1002_Bildgr\u00f6\u00dfe-\u00e4ndern-682x1024.jpg 682w, https:\/\/sanktnikolaikitzen.de\/wp-content\/uploads\/2019\/11\/Maler1002_Bildgr\u00f6\u00dfe-\u00e4ndern-200x300.jpg 200w, https:\/\/sanktnikolaikitzen.de\/wp-content\/uploads\/2019\/11\/Maler1002_Bildgr\u00f6\u00dfe-\u00e4ndern-768x1152.jpg 768w, https:\/\/sanktnikolaikitzen.de\/wp-content\/uploads\/2019\/11\/Maler1002_Bildgr\u00f6\u00dfe-\u00e4ndern.jpg 1075w\" sizes=\"auto, (max-width: 450px) 85vw, 450px\" \/><figcaption>Raymond Klieber (oben) und Obeida Nouf von der Firma Lenz bei den Malerarbeitenin der Kirche.<\/figcaption><\/figure><\/div>\n\n\n\n<p>Die Besucher des Adventskonzerts am 1. Dezember um 16 Uhr mit\ndem Pegauer Elsterchor werden einen ersten Eindruck davon bekommen. Bis dahin\nn\u00e4mlich pr\u00e4sentiert sich die Kirche auch von innen in einem neuen Zustand.\nNachdem zuletzt die elektrischen Leitungen erneuert worden sind, erh\u00e4lt der\nKirchenraum in diesen Tagen seinen endg\u00fcltigen Anstrich. Der Wei\u00dfton, in dem\nDecke und W\u00e4nde gehalten sind, wird eine vollkommen neue Optik erzeugen. Mitarbeiter\nder Malerfirma J\u00fcrgen Lenz aus Gro\u00dfp\u00f6sna, die spezialisiert ist auf Anstriche\nnach denkmalpflegerischen Vorgaben, sorgen derzeit f\u00fcr die Farbgebung.\nMindestens drei Anstriche wird es geben, ehe das Ergebnis vollst\u00e4ndig ist.\nWenigstens zwei sollen bis zum Adventskonzert geschafft sein.<\/p>\n\n\n\n<p>Allerdings wird trotz alledem die Zeit zu knapp, um bis\ndahin auch noch die neuen beziehungsweise aufgearbeiteten und mit Sitzpolsterheizung\nversehenen B\u00e4nke aufzustellen. \u201eWir werden f\u00fcr das Konzert St\u00fchle in die Kirche\nstellen\u201c, sagt Ingrid Riedel. Die B\u00e4nke samt Heizung k\u00f6nnen die Besucher dann\nab dem Fr\u00fchjahr 2020 genie\u00dfen. F\u00fcr den Chor gibt es beim Adventskonzert allerdings\nschon eine Neuerung. Er kann auf dem neuen B\u00fchnenpodest Aufstellung nehmen, das\nwie die vier Pavillons (beim Rockkonzert Ende August schon im Einsatz) und das\nE-Piano von den 5000 Euro angeschafft wurden, die die Kultur- und Umweltstiftung\nLeipziger Land der Sparkasse Leipzig in diesem Jahr als F\u00f6rdermitte zur Verf\u00fcgung\ngestellt hat. Auf dem Podest wird sich dann auch noch ein Heizteppich befinden,\nder daf\u00fcr sorgt, dass die K\u00fcnstler ihren Part nicht frierend bestreiten m\u00fcssen.\nDenn die aufziehende K\u00e4lte in der k\u00fchleren Jahreszeit war von den Akteuren der\nVeranstaltungen immer wieder beklagt worden, was ihrem Engagement jedoch nie anzumerken\nwar.<\/p>\n\n\n\n<p>Die Innensanierung der Kirche hatte ja in diesem Jahr dazu\ngef\u00fchrt, dass bislang keine Veranstaltungen des F\u00f6rdervereins in der Kirche\nstattfinden konnten, stattdessen im Schloss und auf der Schlossterrasse. Zu\ndem, was in diesem Jahr geschehen ist, geh\u00f6rt die Fertigstellung der Decke, das\nLegen neuer elektrischer Leitungen sowie die Erneuerung des Innenputzes. Auch\ndaf\u00fcr gab es Richtlinien der Denkmalpfleger. Aber mit der Firma Bubnick aus\nTrebsen bei Grimma hat der Verein einen Partner gefunden, der nach den Worten\nvon Ingrid Riedel allen Anforderungen gerecht wurde. Beendet ist ebenso die\nRestaurierung des Nordportals, was die Restauratorin Birgit M\u00fchler wie schon\nbeim S\u00fcdportal \u00fcbernommen hatte. Beide Portale geh\u00f6ren zu den bemerkenswertesten\nhistorischen Teilen der Kirche, sind sie doch bereits um 1150 aus Stein gehauen\nworden.<\/p>\n\n\n\n<div class=\"wp-block-image\"><figure class=\"alignleft is-resized\"><img loading=\"lazy\" decoding=\"async\" src=\"https:\/\/sanktnikolaikitzen.de\/wp-content\/uploads\/2019\/11\/Maler1003_Bildgr\u00f6\u00dfe-\u00e4ndern-1024x682.jpg\" alt=\"\" class=\"wp-image-442\" width=\"575\" height=\"383\" srcset=\"https:\/\/sanktnikolaikitzen.de\/wp-content\/uploads\/2019\/11\/Maler1003_Bildgr\u00f6\u00dfe-\u00e4ndern-1024x682.jpg 1024w, https:\/\/sanktnikolaikitzen.de\/wp-content\/uploads\/2019\/11\/Maler1003_Bildgr\u00f6\u00dfe-\u00e4ndern-300x200.jpg 300w, https:\/\/sanktnikolaikitzen.de\/wp-content\/uploads\/2019\/11\/Maler1003_Bildgr\u00f6\u00dfe-\u00e4ndern-768x512.jpg 768w, https:\/\/sanktnikolaikitzen.de\/wp-content\/uploads\/2019\/11\/Maler1003_Bildgr\u00f6\u00dfe-\u00e4ndern-1200x800.jpg 1200w, https:\/\/sanktnikolaikitzen.de\/wp-content\/uploads\/2019\/11\/Maler1003_Bildgr\u00f6\u00dfe-\u00e4ndern.jpg 1613w\" sizes=\"auto, (max-width: 575px) 85vw, 575px\" \/><figcaption>Blick in den Altarraum, wo es auch nach den Malerarbeiten noch einiges zu tun gibt.<\/figcaption><\/figure><\/div>\n\n\n\n<p>Bei alledem bleibt f\u00fcr das zehnte Sanierungsjahr noch\nallerhand zu tun. Im Fr\u00fchjahr werden die Podeste f\u00fcr die Sitzb\u00e4nke installiert.\nDie B\u00e4nke selbst werden lackiert, aufgesetzt und mit der Elektrik f\u00fcr die\nSitzpolsterheizung verbunden. Im Altarbereich m\u00fcssen Sandsteinplatten repariert\nwerden, die jetzt noch vorhandenen Betonplatten werden mit Sandsteinplatten\nersetzt. Letzteres soll in den Wintermonaten erledigt werden. Schlie\u00dflich gibt\nes noch Arbeit in der Sakristei, wo der Fu\u00dfboden erneuert werden muss. Nach\nhistorischem Vorbild geschieht das mit Ziegelplatten. \u00c4hnliche Arbeiten\nerfolgen im Vorraum auf der Nordseite. So k\u00f6nnten die Sanierungsarbeiten im\nLaufe des kommenden Jahres tats\u00e4chlich zu Ende gehen. Parallel dazu sollte auch\ndie Orgel wieder in Takt kommen. Die Kirchgemeinde k\u00fcmmert sich darum. Ein\nOrgelbauer hat bereits den Auftrag bekommen, eine Bestandsaufnahme zu machen,\num ein Angebot f\u00fcr die Restaurierung unterbreiten zu k\u00f6nnen. Die Orgelpfeifen\nsind \u00fcbrigens ausgelagert worden. Jetzt, wo die staubintensiven Arbeiten in der\nKirche zu Ende gehen, kann das Projekt in Angriff genommen werden. Eventuell\nk\u00f6nnte das Instrument ab 2021 wieder erklingen.<\/p>\n\n\n\n<p>Allerdings bleibt dann immer noch eine gro\u00dfe Aufgabe \u2013 der Kirchturm.\nDer muss jedoch warten. \u201eDenn hier ist sicher eine Investition von mehreren\nhunderttausend Euro notwendig\u201c, sagt Ingrid Riedel. Auch wenn der Gro\u00dfteil des\nGeldes aus F\u00f6rdermittelt\u00f6pfen kommen muss, der Verein werde eine gr\u00f6\u00dfere Summe Eigenkapital\nbrauchen. \u201eDas m\u00fcssen wir erst zusammenbekommen, ehe die Turmsanierung in Angriff\ngenommen werden kann\u201c, erkl\u00e4rt die Vereinsvorsitzende.<\/p>\n","protected":false},"excerpt":{"rendered":"<p>Man mag es gar nicht glauben, aber die Zeit ist wie im Flug vergangen. Die Sanierung der Kirche Sankt Nikolai Kitzen geht ins zehnte Jahr. Wenn 2020 der Tag des offenen Denkmals am 13. September nat\u00fcrlich mit einer offenen Kirche stattfindet, wird das Thema \u201e10 Jahre Sanierung Kirche Kitzen\u201c eine bedeutende Rolle spielen. Der F\u00f6rderverein &hellip; <a href=\"https:\/\/sanktnikolaikitzen.de\/?p=439\" class=\"more-link\"><span class=\"screen-reader-text\">\u201eZehn Jahre Sanierung in der Kirche\u201c <\/span>weiterlesen<\/a><\/p>\n","protected":false},"author":1,"featured_media":0,"comment_status":"closed","ping_status":"closed","sticky":false,"template":"","format":"standard","meta":{"footnotes":""},"categories":[3,5],"tags":[],"class_list":["post-439","post","type-post","status-publish","format-standard","hentry","category-aktuelles","category-denkmal"],"_links":{"self":[{"href":"https:\/\/sanktnikolaikitzen.de\/index.php?rest_route=\/wp\/v2\/posts\/439","targetHints":{"allow":["GET"]}}],"collection":[{"href":"https:\/\/sanktnikolaikitzen.de\/index.php?rest_route=\/wp\/v2\/posts"}],"about":[{"href":"https:\/\/sanktnikolaikitzen.de\/index.php?rest_route=\/wp\/v2\/types\/post"}],"author":[{"embeddable":true,"href":"https:\/\/sanktnikolaikitzen.de\/index.php?rest_route=\/wp\/v2\/users\/1"}],"replies":[{"embeddable":true,"href":"https:\/\/sanktnikolaikitzen.de\/index.php?rest_route=%2Fwp%2Fv2%2Fcomments&post=439"}],"version-history":[{"count":3,"href":"https:\/\/sanktnikolaikitzen.de\/index.php?rest_route=\/wp\/v2\/posts\/439\/revisions"}],"predecessor-version":[{"id":444,"href":"https:\/\/sanktnikolaikitzen.de\/index.php?rest_route=\/wp\/v2\/posts\/439\/revisions\/444"}],"wp:attachment":[{"href":"https:\/\/sanktnikolaikitzen.de\/index.php?rest_route=%2Fwp%2Fv2%2Fmedia&parent=439"}],"wp:term":[{"taxonomy":"category","embeddable":true,"href":"https:\/\/sanktnikolaikitzen.de\/index.php?rest_route=%2Fwp%2Fv2%2Fcategories&post=439"},{"taxonomy":"post_tag","embeddable":true,"href":"https:\/\/sanktnikolaikitzen.de\/index.php?rest_route=%2Fwp%2Fv2%2Ftags&post=439"}],"curies":[{"name":"wp","href":"https:\/\/api.w.org\/{rel}","templated":true}]}}