{"id":872,"date":"2022-08-04T17:57:17","date_gmt":"2022-08-04T17:57:17","guid":{"rendered":"https:\/\/sanktnikolaikitzen.de\/?p=872"},"modified":"2022-08-07T10:43:46","modified_gmt":"2022-08-07T10:43:46","slug":"der-turm-ist-dran","status":"publish","type":"post","link":"https:\/\/sanktnikolaikitzen.de\/?p=872","title":{"rendered":"Der Turm wird saniert"},"content":{"rendered":"\n<p>Endlich, endlich, m\u00f6chte man sagen, aber ohne jeden Vorwurf. Endlich kommt er dran. Der Turm der Kirche Sankt Nikolai Kitzen wird saniert. Nach der aufw\u00e4ndigen Erneuerung der Kirche \u2013 erinnert sei an die Stichworte Dach, Trockenlegung, Putz, B\u00e4nke, Fenster, Patronatsloge \u2013 in den vergangenen zehn Jahren, bietet sich bislang dem Betrachter ein harter Kontrast zwischen dem hell strahlenden kreuzf\u00f6rmigen Bau und dem grauen, verwitterten Mauerwerk des Turms. Das soll sich nun bis Ende n\u00e4chsten Jahres \u00e4ndern. Die F\u00f6rdermittelzusagen seien da und die notwenigen Eigenmittel ebenso, sagt die Vorsitzende des F\u00f6rdervereins der Kreuzkirche Sankt Nikolai Kitzen Ingrid Riedel. Noch vor wenigen Wochen sah es so gar nicht danach aus, aber mittlerweile hat sich Hartn\u00e4ckigkeit beim Verhandeln mit potenziellen Gelgebern ausgezahlt. Doch der Reihe nach.<\/p>\n\n\n\n<div class=\"wp-block-image\"><figure class=\"alignleft size-large is-resized\"><img loading=\"lazy\" decoding=\"async\" src=\"https:\/\/sanktnikolaikitzen.de\/wp-content\/uploads\/2017\/01\/interkirche022-1024x683.jpg\" alt=\"\" class=\"wp-image-104\" width=\"448\" height=\"299\" srcset=\"https:\/\/sanktnikolaikitzen.de\/wp-content\/uploads\/2017\/01\/interkirche022-1024x683.jpg 1024w, https:\/\/sanktnikolaikitzen.de\/wp-content\/uploads\/2017\/01\/interkirche022-300x200.jpg 300w, https:\/\/sanktnikolaikitzen.de\/wp-content\/uploads\/2017\/01\/interkirche022-768x512.jpg 768w, https:\/\/sanktnikolaikitzen.de\/wp-content\/uploads\/2017\/01\/interkirche022-1200x800.jpg 1200w, https:\/\/sanktnikolaikitzen.de\/wp-content\/uploads\/2017\/01\/interkirche022.jpg 1500w\" sizes=\"auto, (max-width: 448px) 85vw, 448px\" \/><figcaption>Kontrast zwischen dem Turm und dem Rest der Kirche.<\/figcaption><\/figure><\/div>\n\n\n\n<p>Ein Jahr nach der Antragstellung f\u00fcr F\u00f6rdermittel zur Turmsanierung beim Landesamt f\u00fcr Denkmalpflege kam im Juni 2022 erst einmal ein ern\u00fcchternder Bescheid. Ja, es gebe F\u00f6rdermittel, hie\u00df es, aber deren Summe k\u00f6nne nur 55 Prozent der geplanten Baukosten abdecken. \u201eDas war f\u00fcr unseren Verein vollkommen inakzeptabel, denn Eigenmittel in einem derartigen Umfang hat unser Verein nicht\u201c berichtet Ingrid Riedel. Die Gesamtinvestition f\u00fcr die Turmsanierung bel\u00e4uft sich auf immerhin 260.000 bis 280.000 Euro. \u201eF\u00fcr uns h\u00e4tte das bedeutet, mehr als 130.000 Euro Eigenmittel aufzubringen. Das war illusorisch\u201c, erkl\u00e4rt die Vereinsvorsitzende. Nachdem sie die schlechte Nachricht habe ein paar Tage sacken lassen, sei ihr der Gedanke gekommen, ob es nicht m\u00f6glich sein k\u00f6nnte, mit einer ver\u00e4nderten Strategie f\u00fcr den Ablauf der Turmsanierung mehr Entgegenkommen bei den s\u00e4chsischen Denkmalpflegern bekommen zu k\u00f6nnen.<\/p>\n\n\n\n<p>\u201eAlso haben wir ein neues Konzept eingereicht und erneut die Verhandlungen aufgenommen. Die Investitionen wurden auf 2022 und 2023 aufgeteilt.\u201c 111.000 f\u00fcr die Innensanierung des Turms in diesem Jahr und 155.000 Euro f\u00fcr die Au\u00dfensanierung im n\u00e4chsten Jahr. \u201eParallel dazu haben wir noch Antr\u00e4ge bei der Stiftung Kirchliche Bauten sowie bei der Katharina und Gerhard Hoffmann Stiftung eingereicht\u201c, sagt Ingrid Riedel. Erstere erkl\u00e4rte sich bereit, 20.000 Euro beizusteuern, zweitere sagte weitere 10.000 Euro zu. Auch die Deutsche Stiftung Denkmalschutz hat 13.500 Euro zugesagt, in denen 1500 Euro enthalten sind, die Jubilare, zum Beispiel bei runden Geburtstagen, als private Spenden zur Verf\u00fcgung gestellt haben. Zudem bestehen sehr gute Chancen, aus dem europ\u00e4ischen Leader-Programm im n\u00e4chsten Jahr Geld zu bekommen. Unter diesen Bedingungen hat nun mittlerweile des Landesamt f\u00fcr Denkmalpflege einen deutlichen h\u00f6heren F\u00f6rdersatz zugesagt, so dass unterm Strich der Verein dieses und n\u00e4chstes Jahr zirka 20.000 Euro an Eigenmitteln auspacken muss, was nach den Worten von Ingrid Riedel m\u00f6glich ist.<\/p>\n\n\n\n<div class=\"wp-block-image is-style-rounded\"><figure class=\"alignleft size-large is-resized\"><img loading=\"lazy\" decoding=\"async\" src=\"https:\/\/sanktnikolaikitzen.de\/wp-content\/uploads\/2022\/08\/WebKirche001-1024x1024.jpg\" alt=\"\" class=\"wp-image-882\" width=\"304\" height=\"304\" srcset=\"https:\/\/sanktnikolaikitzen.de\/wp-content\/uploads\/2022\/08\/WebKirche001-1024x1024.jpg 1024w, https:\/\/sanktnikolaikitzen.de\/wp-content\/uploads\/2022\/08\/WebKirche001-300x300.jpg 300w, https:\/\/sanktnikolaikitzen.de\/wp-content\/uploads\/2022\/08\/WebKirche001-150x150.jpg 150w, https:\/\/sanktnikolaikitzen.de\/wp-content\/uploads\/2022\/08\/WebKirche001-768x768.jpg 768w, https:\/\/sanktnikolaikitzen.de\/wp-content\/uploads\/2022\/08\/WebKirche001-1536x1536.jpg 1536w, https:\/\/sanktnikolaikitzen.de\/wp-content\/uploads\/2022\/08\/WebKirche001-2048x2048.jpg 2048w, https:\/\/sanktnikolaikitzen.de\/wp-content\/uploads\/2022\/08\/WebKirche001-1200x1200.jpg 1200w\" sizes=\"auto, (max-width: 304px) 85vw, 304px\" \/><figcaption>Die Plakette f\u00fcr den Preis im Wettbewerb.<\/figcaption><\/figure><\/div>\n\n\n\n<p>Zumal sich in diesem Jahr neben den Eink\u00fcnften aus Kulturveranstaltungen sowie diversen Spenden noch ein Wettbewerbsgewinn f\u00fcr die Vereinskasse bemerkbar gemacht hat. Das s\u00e4chsische Landwirtschaftsministerium veranstaltet einen Wettbewerb um den Simul-Mitmachfonds. Ingrid Riedel hat in ihrem Wettbewerbsbeitrag dar\u00fcber geschrieben, wie bei der Sanierung der Kirche und der Organisation der Kulturveranstaltungen in Kitzen eine Gemeinschaft von vielen Menschen zusammengewachsen ist. Ergebnis \u2013 es gab ein Preisgeld von 5000 Euro.<\/p>\n\n\n\n<p>\u201eMit unserer neuen Strategie sind wir beim Landesamt f\u00fcr Denkmalpflege auf offene Ohren gesto\u00dfen. Ich hatte den Eindruck bei den Gespr\u00e4chen, dass man in Dresden an der Probleml\u00f6sung interessiert ist\u201c, lobt Ingrid Riedel. Gelingt es, die notwenigen Handwerkerleistungen rechtzeitig zu binden, dann sollte einer Fertigstellung der Turmsanierung Ende des Jahre 2023 nichts im Wege stehen.<\/p>\n\n\n\n<p>Urspr\u00fcnglich war man im F\u00f6rderverein einmal davon ausgegangen, dass sich die Kosten f\u00fcr die Sanierung des Turms auf das Doppelte bis Dreifach der jetzigen Summe belaufen k\u00f6nnte. \u201eAber da sind wir immer davon ausgegangen, dass etliches Geld f\u00fcr die Stabilit\u00e4t des Turmes ausgegeben werden m\u00fcsste. Mittlerweile wissen wir aufgrund der Gutachten, dass die Standfestigkeit nicht beeintr\u00e4chtigt ist\u201c, sagt Ingrid Riedel. So kann also die Sanierung mit deutlich weniger finanziellem Aufwand einem gute Ende zugef\u00fchrt werden, zumal vorerst auch die Glocken nicht erneuert werden m\u00fcssen.<\/p>\n","protected":false},"excerpt":{"rendered":"<p>Endlich, endlich, m\u00f6chte man sagen, aber ohne jeden Vorwurf. Endlich kommt er dran. Der Turm der Kirche Sankt Nikolai Kitzen wird saniert. Nach der aufw\u00e4ndigen Erneuerung der Kirche \u2013 erinnert sei an die Stichworte Dach, Trockenlegung, Putz, B\u00e4nke, Fenster, Patronatsloge \u2013 in den vergangenen zehn Jahren, bietet sich bislang dem Betrachter ein harter Kontrast zwischen &hellip; <a href=\"https:\/\/sanktnikolaikitzen.de\/?p=872\" class=\"more-link\"><span class=\"screen-reader-text\">\u201eDer Turm wird saniert\u201c <\/span>weiterlesen<\/a><\/p>\n","protected":false},"author":1,"featured_media":0,"comment_status":"closed","ping_status":"closed","sticky":false,"template":"","format":"standard","meta":{"footnotes":""},"categories":[3,5],"tags":[],"class_list":["post-872","post","type-post","status-publish","format-standard","hentry","category-aktuelles","category-denkmal"],"_links":{"self":[{"href":"https:\/\/sanktnikolaikitzen.de\/index.php?rest_route=\/wp\/v2\/posts\/872","targetHints":{"allow":["GET"]}}],"collection":[{"href":"https:\/\/sanktnikolaikitzen.de\/index.php?rest_route=\/wp\/v2\/posts"}],"about":[{"href":"https:\/\/sanktnikolaikitzen.de\/index.php?rest_route=\/wp\/v2\/types\/post"}],"author":[{"embeddable":true,"href":"https:\/\/sanktnikolaikitzen.de\/index.php?rest_route=\/wp\/v2\/users\/1"}],"replies":[{"embeddable":true,"href":"https:\/\/sanktnikolaikitzen.de\/index.php?rest_route=%2Fwp%2Fv2%2Fcomments&post=872"}],"version-history":[{"count":4,"href":"https:\/\/sanktnikolaikitzen.de\/index.php?rest_route=\/wp\/v2\/posts\/872\/revisions"}],"predecessor-version":[{"id":891,"href":"https:\/\/sanktnikolaikitzen.de\/index.php?rest_route=\/wp\/v2\/posts\/872\/revisions\/891"}],"wp:attachment":[{"href":"https:\/\/sanktnikolaikitzen.de\/index.php?rest_route=%2Fwp%2Fv2%2Fmedia&parent=872"}],"wp:term":[{"taxonomy":"category","embeddable":true,"href":"https:\/\/sanktnikolaikitzen.de\/index.php?rest_route=%2Fwp%2Fv2%2Fcategories&post=872"},{"taxonomy":"post_tag","embeddable":true,"href":"https:\/\/sanktnikolaikitzen.de\/index.php?rest_route=%2Fwp%2Fv2%2Ftags&post=872"}],"curies":[{"name":"wp","href":"https:\/\/api.w.org\/{rel}","templated":true}]}}