{"id":906,"date":"2022-09-13T09:42:39","date_gmt":"2022-09-13T09:42:39","guid":{"rendered":"https:\/\/sanktnikolaikitzen.de\/?p=906"},"modified":"2022-09-14T11:43:52","modified_gmt":"2022-09-14T11:43:52","slug":"schautag-am-denkmal","status":"publish","type":"post","link":"https:\/\/sanktnikolaikitzen.de\/?p=906","title":{"rendered":"Schautag am Denkmal"},"content":{"rendered":"\n<figure class=\"wp-block-image size-large\"><img loading=\"lazy\" decoding=\"async\" width=\"1024\" height=\"682\" src=\"https:\/\/sanktnikolaikitzen.de\/wp-content\/uploads\/2022\/09\/WebKitzenDenkmaltag001-1024x682.jpg\" alt=\"\" class=\"wp-image-908\" srcset=\"https:\/\/sanktnikolaikitzen.de\/wp-content\/uploads\/2022\/09\/WebKitzenDenkmaltag001-1024x682.jpg 1024w, https:\/\/sanktnikolaikitzen.de\/wp-content\/uploads\/2022\/09\/WebKitzenDenkmaltag001-300x200.jpg 300w, https:\/\/sanktnikolaikitzen.de\/wp-content\/uploads\/2022\/09\/WebKitzenDenkmaltag001-768x512.jpg 768w, https:\/\/sanktnikolaikitzen.de\/wp-content\/uploads\/2022\/09\/WebKitzenDenkmaltag001-1536x1024.jpg 1536w, https:\/\/sanktnikolaikitzen.de\/wp-content\/uploads\/2022\/09\/WebKitzenDenkmaltag001-1200x800.jpg 1200w, https:\/\/sanktnikolaikitzen.de\/wp-content\/uploads\/2022\/09\/WebKitzenDenkmaltag001.jpg 1553w\" sizes=\"auto, (max-width: 709px) 85vw, (max-width: 909px) 67vw, (max-width: 1362px) 62vw, 840px\" \/><figcaption>Gro\u00dfe Resonanz bekam Ingrid Riedel bei der F\u00fchrung durch die Kirche.<\/figcaption><\/figure>\n\n\n\n<p>\u201eOh, ich habe gedacht, mit einem ordentlichen Anstrich war das Wesentliche geschafft, damit die Kirche wieder sch\u00f6n aussieht.\u201c Der Besucher am Tag des offenen Denkmals in der Kirche Kitzen musste nach der F\u00fchrung um und durch das Bauwerk seine Meinung gr\u00fcndlich revidieren. Die Vorsitzende des F\u00f6rdervereins f\u00fcr das Kulturdenkmal Kirche Sankt Nikolai Kitzen Ingrid Riedel hatte w\u00e4hrend der \u00f6ffentlichen F\u00fchrung am 11. September, dem Tag des offenen Denkmals, vor gut 40 bis 45 Teilnehmern ausf\u00fchrlich \u00fcber die Historie der Kirche, aber vor allem \u00fcber die aufw\u00e4ndigen Sanierungsarbeiten w\u00e4hrend der zur\u00fcckliegenden zehn Jahre informiert. 1,5 Millionen Euro sind seither in die Restaurierung der Kirche geflossen. Ein gro\u00dfer Teil davon waren F\u00f6rdermittel, aber der finanzielle Eigenanteil zum Beispiel aus Spenden sowie die immensen Eigenleistungen haben sich mittlerweile auch schon zu mehreren hunderttausend Euro summiert.<\/p>\n\n\n<div class=\"wp-block-image\">\n<figure class=\"alignleft size-large is-resized\"><img loading=\"lazy\" decoding=\"async\" src=\"https:\/\/sanktnikolaikitzen.de\/wp-content\/uploads\/2022\/09\/WebKitzenDenkmaltag004-1024x683.jpg\" alt=\"\" class=\"wp-image-910\" width=\"355\" height=\"237\" srcset=\"https:\/\/sanktnikolaikitzen.de\/wp-content\/uploads\/2022\/09\/WebKitzenDenkmaltag004-1024x683.jpg 1024w, https:\/\/sanktnikolaikitzen.de\/wp-content\/uploads\/2022\/09\/WebKitzenDenkmaltag004-300x200.jpg 300w, https:\/\/sanktnikolaikitzen.de\/wp-content\/uploads\/2022\/09\/WebKitzenDenkmaltag004-768x512.jpg 768w, https:\/\/sanktnikolaikitzen.de\/wp-content\/uploads\/2022\/09\/WebKitzenDenkmaltag004-1200x800.jpg 1200w, https:\/\/sanktnikolaikitzen.de\/wp-content\/uploads\/2022\/09\/WebKitzenDenkmaltag004.jpg 1483w\" sizes=\"auto, (max-width: 355px) 85vw, 355px\" \/><figcaption>Die Ausstellungen stie\u00dfen auf viel Interesse.<\/figcaption><\/figure>\n<\/div>\n\n\n<p>Auch wenn der Besucherstrom an dem Tag verhalten begann, schlussendlich waren doch jede Menge Einwohnerinnen und Einwohner, aber auch Besucherinnen und Besucher von au\u00dferhalb gekommen. Neben der F\u00fchrung hatten auch die drei Ausstellungen in der Kirche gro\u00dfe Anziehungskraft. Das waren einmal die Fotoausstellung \u00fcber die ehemalige Kitzener Schule, zum anderen der Bildervergleich \u201eKitzen 1962 \u2013 Kitzen 2022\u201c. Ein Video vom Tag des offenen Denkmals in Kitzen gibt es <a href=\"https:\/\/www.youtube.com\/watch?v=TiCy5-qAmlc\">hier<\/a>.<\/p>\n\n\n\n<p>Interessiert zeigten sich die G\u00e4ste ebenso an den Malereien von Karl-Heinz Georgi. Angesichts der Resonanz am Denkmalstag und beeindruckt von der bisherigen Sanierungsleistung sowie der bevorstehenden Erneuerung des Kirchturms entschloss er sich, sechs seiner Bilder zugunsten der Finanzierung der Turmsanierung versteigern zu lassen. Die Auktion wird am 25. September im Anschluss an das f\u00fcr den Tag geplante Konzert stattfinden. Spontan haben sich auch die in Kitzen lebenden und arbeitenden K\u00fcnstlerin Jiang Bian-Harbort und Sebastian Harbort entschlossen, f\u00fcr die Auktion Holzschnitte aus ihrem Schaffen zur Verf\u00fcgung zu stellen. Ausf\u00fchrliche Informationen gubt es im Beitrag <a href=\"https:\/\/sanktnikolaikitzen.de\/kunstauktion-fuer-den-turm\">Kunstauktion f\u00fcr den Turm<\/a>. <\/p>\n\n\n\n<figure class=\"wp-block-image size-large is-resized\"><img loading=\"lazy\" decoding=\"async\" src=\"https:\/\/sanktnikolaikitzen.de\/wp-content\/uploads\/2022\/09\/WebKitzenDenkmaltag006-1024x683.jpg\" alt=\"\" class=\"wp-image-912\" width=\"600\" height=\"400\" srcset=\"https:\/\/sanktnikolaikitzen.de\/wp-content\/uploads\/2022\/09\/WebKitzenDenkmaltag006-1024x683.jpg 1024w, https:\/\/sanktnikolaikitzen.de\/wp-content\/uploads\/2022\/09\/WebKitzenDenkmaltag006-300x200.jpg 300w, https:\/\/sanktnikolaikitzen.de\/wp-content\/uploads\/2022\/09\/WebKitzenDenkmaltag006-768x512.jpg 768w, https:\/\/sanktnikolaikitzen.de\/wp-content\/uploads\/2022\/09\/WebKitzenDenkmaltag006-1536x1024.jpg 1536w, https:\/\/sanktnikolaikitzen.de\/wp-content\/uploads\/2022\/09\/WebKitzenDenkmaltag006-1200x800.jpg 1200w, https:\/\/sanktnikolaikitzen.de\/wp-content\/uploads\/2022\/09\/WebKitzenDenkmaltag006.jpg 1591w\" sizes=\"auto, (max-width: 709px) 85vw, (max-width: 909px) 67vw, (max-width: 984px) 61vw, (max-width: 1362px) 45vw, 600px\" \/><figcaption>Sebastian Harbort (2.v.l.) und Jiang Bian-Harbort (3.v.r. im Gespr\u00e4ch mit Pegaus B\u00fcrgermeister Frank R\u00f6sel) zeigten Kunstwerke aus ihrem Schaffen.<\/figcaption><\/figure>\n\n\n<div class=\"wp-block-image\">\n<figure class=\"alignleft size-large is-resized\"><img loading=\"lazy\" decoding=\"async\" src=\"https:\/\/sanktnikolaikitzen.de\/wp-content\/uploads\/2022\/09\/WebKitzenDenkmaltag002-1024x683.jpg\" alt=\"\" class=\"wp-image-917\" width=\"353\" height=\"235\" srcset=\"https:\/\/sanktnikolaikitzen.de\/wp-content\/uploads\/2022\/09\/WebKitzenDenkmaltag002-1024x683.jpg 1024w, https:\/\/sanktnikolaikitzen.de\/wp-content\/uploads\/2022\/09\/WebKitzenDenkmaltag002-300x200.jpg 300w, https:\/\/sanktnikolaikitzen.de\/wp-content\/uploads\/2022\/09\/WebKitzenDenkmaltag002-768x512.jpg 768w, https:\/\/sanktnikolaikitzen.de\/wp-content\/uploads\/2022\/09\/WebKitzenDenkmaltag002-1200x800.jpg 1200w, https:\/\/sanktnikolaikitzen.de\/wp-content\/uploads\/2022\/09\/WebKitzenDenkmaltag002.jpg 1363w\" sizes=\"auto, (max-width: 353px) 85vw, 353px\" \/><figcaption>Kunsthandwerk in der Pfarrscheune.<\/figcaption><\/figure>\n<\/div>\n\n\n<p>Erstmals hatte der F\u00f6rderverein anl\u00e4sslich des Denkmaltags auch Anbieter von Kunsthandwerk gewinnen k\u00f6nnen. Das war eine gro\u00dfe Bereicherung f\u00fcr den Tag, auch wenn die Kauflaune der Besucherinnen und Besucher eher verhalten ausfiel. Was man vom Kuchenbuffet nicht sagen konnte. Traditionell fanden die Backwaren aus den K\u00fcchen zahlreicher F\u00f6rderer und Freunde des Vereins rei\u00dfend Absatz. Vom Publikum mit viel Applaus begleitet wurde ein t\u00e4nzerischer Gru\u00df f\u00fcr Siegwald Bilesch, der drei Tage zuvor seinen 85. Geburtstag gefeiert hatte und zu den Hauptmatadoren des F\u00f6rdervereins geh\u00f6rt.<\/p>\n\n\n\n<figure class=\"wp-block-image size-large is-resized\"><img loading=\"lazy\" decoding=\"async\" src=\"https:\/\/sanktnikolaikitzen.de\/wp-content\/uploads\/2022\/09\/WebKitzenDenkmaltag003-1024x683.jpg\" alt=\"\" class=\"wp-image-918\" width=\"571\" height=\"381\" srcset=\"https:\/\/sanktnikolaikitzen.de\/wp-content\/uploads\/2022\/09\/WebKitzenDenkmaltag003-1024x683.jpg 1024w, https:\/\/sanktnikolaikitzen.de\/wp-content\/uploads\/2022\/09\/WebKitzenDenkmaltag003-300x200.jpg 300w, https:\/\/sanktnikolaikitzen.de\/wp-content\/uploads\/2022\/09\/WebKitzenDenkmaltag003-768x512.jpg 768w, https:\/\/sanktnikolaikitzen.de\/wp-content\/uploads\/2022\/09\/WebKitzenDenkmaltag003-1536x1024.jpg 1536w, https:\/\/sanktnikolaikitzen.de\/wp-content\/uploads\/2022\/09\/WebKitzenDenkmaltag003-1200x800.jpg 1200w, https:\/\/sanktnikolaikitzen.de\/wp-content\/uploads\/2022\/09\/WebKitzenDenkmaltag003.jpg 1548w\" sizes=\"auto, (max-width: 571px) 85vw, 571px\" \/><figcaption>Am Kuchenbuffet.<\/figcaption><\/figure>\n\n\n\n<figure class=\"wp-block-image size-large is-resized\"><img loading=\"lazy\" decoding=\"async\" src=\"https:\/\/sanktnikolaikitzen.de\/wp-content\/uploads\/2022\/09\/WebKitzenDenkmaltag005-1024x683.jpg\" alt=\"\" class=\"wp-image-919\" width=\"576\" height=\"384\" srcset=\"https:\/\/sanktnikolaikitzen.de\/wp-content\/uploads\/2022\/09\/WebKitzenDenkmaltag005-1024x683.jpg 1024w, https:\/\/sanktnikolaikitzen.de\/wp-content\/uploads\/2022\/09\/WebKitzenDenkmaltag005-300x200.jpg 300w, https:\/\/sanktnikolaikitzen.de\/wp-content\/uploads\/2022\/09\/WebKitzenDenkmaltag005-768x512.jpg 768w, https:\/\/sanktnikolaikitzen.de\/wp-content\/uploads\/2022\/09\/WebKitzenDenkmaltag005-1200x800.jpg 1200w, https:\/\/sanktnikolaikitzen.de\/wp-content\/uploads\/2022\/09\/WebKitzenDenkmaltag005.jpg 1488w\" sizes=\"auto, (max-width: 576px) 85vw, 576px\" \/><figcaption>Ingrid Riedel und Siegwald Bilesch beim Anschnitt der Geburtstagstorte. <\/figcaption><\/figure>\n\n\n\n<figure class=\"wp-block-image size-large is-resized\"><img loading=\"lazy\" decoding=\"async\" src=\"https:\/\/sanktnikolaikitzen.de\/wp-content\/uploads\/2022\/09\/WebKitzenDenkmaltag007-1024x683.jpg\" alt=\"\" class=\"wp-image-920\" width=\"576\" height=\"384\" srcset=\"https:\/\/sanktnikolaikitzen.de\/wp-content\/uploads\/2022\/09\/WebKitzenDenkmaltag007-1024x683.jpg 1024w, https:\/\/sanktnikolaikitzen.de\/wp-content\/uploads\/2022\/09\/WebKitzenDenkmaltag007-300x200.jpg 300w, https:\/\/sanktnikolaikitzen.de\/wp-content\/uploads\/2022\/09\/WebKitzenDenkmaltag007-768x512.jpg 768w, https:\/\/sanktnikolaikitzen.de\/wp-content\/uploads\/2022\/09\/WebKitzenDenkmaltag007-1536x1024.jpg 1536w, https:\/\/sanktnikolaikitzen.de\/wp-content\/uploads\/2022\/09\/WebKitzenDenkmaltag007-1200x800.jpg 1200w, https:\/\/sanktnikolaikitzen.de\/wp-content\/uploads\/2022\/09\/WebKitzenDenkmaltag007.jpg 1662w\" sizes=\"auto, (max-width: 576px) 85vw, 576px\" \/><figcaption>Gruppenbild mit den T\u00e4nzerinnen der Show-Tanzgruppe.<\/figcaption><\/figure>\n\n\n\n<figure class=\"wp-block-image size-large is-resized\"><img loading=\"lazy\" decoding=\"async\" src=\"https:\/\/sanktnikolaikitzen.de\/wp-content\/uploads\/2022\/09\/WebKitzenDenkmaltag008-1024x683.jpg\" alt=\"\" class=\"wp-image-921\" width=\"586\" height=\"391\" srcset=\"https:\/\/sanktnikolaikitzen.de\/wp-content\/uploads\/2022\/09\/WebKitzenDenkmaltag008-1024x683.jpg 1024w, https:\/\/sanktnikolaikitzen.de\/wp-content\/uploads\/2022\/09\/WebKitzenDenkmaltag008-300x200.jpg 300w, https:\/\/sanktnikolaikitzen.de\/wp-content\/uploads\/2022\/09\/WebKitzenDenkmaltag008-768x512.jpg 768w, https:\/\/sanktnikolaikitzen.de\/wp-content\/uploads\/2022\/09\/WebKitzenDenkmaltag008-1536x1024.jpg 1536w, https:\/\/sanktnikolaikitzen.de\/wp-content\/uploads\/2022\/09\/WebKitzenDenkmaltag008-1200x800.jpg 1200w, https:\/\/sanktnikolaikitzen.de\/wp-content\/uploads\/2022\/09\/WebKitzenDenkmaltag008.jpg 1645w\" sizes=\"auto, (max-width: 586px) 85vw, 586px\" \/><figcaption>Bei Kaffee und Kuchen lie\u00df es sich gut plaudern.<\/figcaption><\/figure>\n","protected":false},"excerpt":{"rendered":"<p>\u201eOh, ich habe gedacht, mit einem ordentlichen Anstrich war das Wesentliche geschafft, damit die Kirche wieder sch\u00f6n aussieht.\u201c Der Besucher am Tag des offenen Denkmals in der Kirche Kitzen musste nach der F\u00fchrung um und durch das Bauwerk seine Meinung gr\u00fcndlich revidieren. Die Vorsitzende des F\u00f6rdervereins f\u00fcr das Kulturdenkmal Kirche Sankt Nikolai Kitzen Ingrid Riedel &hellip; <a href=\"https:\/\/sanktnikolaikitzen.de\/?p=906\" class=\"more-link\"><span class=\"screen-reader-text\">\u201eSchautag am Denkmal\u201c <\/span>weiterlesen<\/a><\/p>\n","protected":false},"author":1,"featured_media":0,"comment_status":"closed","ping_status":"closed","sticky":false,"template":"","format":"standard","meta":{"footnotes":""},"categories":[3,5,4],"tags":[],"class_list":["post-906","post","type-post","status-publish","format-standard","hentry","category-aktuelles","category-denkmal","category-veranstaltungsrueckblick"],"_links":{"self":[{"href":"https:\/\/sanktnikolaikitzen.de\/index.php?rest_route=\/wp\/v2\/posts\/906","targetHints":{"allow":["GET"]}}],"collection":[{"href":"https:\/\/sanktnikolaikitzen.de\/index.php?rest_route=\/wp\/v2\/posts"}],"about":[{"href":"https:\/\/sanktnikolaikitzen.de\/index.php?rest_route=\/wp\/v2\/types\/post"}],"author":[{"embeddable":true,"href":"https:\/\/sanktnikolaikitzen.de\/index.php?rest_route=\/wp\/v2\/users\/1"}],"replies":[{"embeddable":true,"href":"https:\/\/sanktnikolaikitzen.de\/index.php?rest_route=%2Fwp%2Fv2%2Fcomments&post=906"}],"version-history":[{"count":12,"href":"https:\/\/sanktnikolaikitzen.de\/index.php?rest_route=\/wp\/v2\/posts\/906\/revisions"}],"predecessor-version":[{"id":951,"href":"https:\/\/sanktnikolaikitzen.de\/index.php?rest_route=\/wp\/v2\/posts\/906\/revisions\/951"}],"wp:attachment":[{"href":"https:\/\/sanktnikolaikitzen.de\/index.php?rest_route=%2Fwp%2Fv2%2Fmedia&parent=906"}],"wp:term":[{"taxonomy":"category","embeddable":true,"href":"https:\/\/sanktnikolaikitzen.de\/index.php?rest_route=%2Fwp%2Fv2%2Fcategories&post=906"},{"taxonomy":"post_tag","embeddable":true,"href":"https:\/\/sanktnikolaikitzen.de\/index.php?rest_route=%2Fwp%2Fv2%2Ftags&post=906"}],"curies":[{"name":"wp","href":"https:\/\/api.w.org\/{rel}","templated":true}]}}